{"id":3758,"date":"2026-08-18T14:39:15","date_gmt":"2026-08-18T17:39:15","guid":{"rendered":"https:\/\/www.removelift.com.br\/blog\/?p=3758"},"modified":"2026-08-18T14:43:10","modified_gmt":"2026-08-18T17:43:10","slug":"plataforma-elevatoria-articulada","status":"publish","type":"post","link":"https:\/\/www.removelift.com.br\/blog\/plataforma-elevatoria-articulada\/","title":{"rendered":"Onde alugar plataforma elevat\u00f3ria articulada?"},"content":{"rendered":"<span class=\"span-reading-time rt-reading-time\" style=\"display: block;\"><span class=\"rt-label rt-prefix\">Tempo de leitura:<\/span> <span class=\"rt-time\"> 5<\/span> <span class=\"rt-label rt-postfix\">minutos<\/span><\/span>\n<p class=\"wp-block-paragraph\"><strong><em>Alugue plataforma elevat\u00f3ria articulada para trabalhos em altura com suporte t\u00e9cnico. Saiba o que avaliar e fale com a Removelift.<\/em><\/strong><\/p>\n\n\n\n<p class=\"wp-block-paragraph\">Encontrar onde alugar <strong>plataforma elevat\u00f3ria articulada<\/strong> costuma se tornar prioridade quando existe um trabalho em altura programado e a equipe precisa definir rapidamente o equipamento adequado. Manuten\u00e7\u00f5es, instala\u00e7\u00f5es e interven\u00e7\u00f5es industriais s\u00e3o alguns exemplos.<\/p>\n\n\n\n<p class=\"wp-block-paragraph\">Nessas situa\u00e7\u00f5es, a escolha deve considerar o local da atividade, a altura necess\u00e1ria, as condi\u00e7\u00f5es de acesso e o tipo de opera\u00e7\u00e3o. Um equipamento inadequado pode dificultar o servi\u00e7o e comprometer todo o planejamento da equipe.<\/p>\n\n\n\n<p class=\"wp-block-paragraph\">A Removelift atua no fornecimento de solu\u00e7\u00f5es para movimenta\u00e7\u00e3o e apoio \u00e0s opera\u00e7\u00f5es industriais e log\u00edsticas, com atendimento orientado \u00e0s necessidades de cada cliente. <strong>A ideia \u00e9 entender primeiro a opera\u00e7\u00e3o para indicar uma alternativa compat\u00edvel com o trabalho.<\/strong><\/p>\n\n\n\n<h2 class=\"wp-block-heading\"><strong>Onde alugar plataforma elevat\u00f3ria articulada?<\/strong><\/h2>\n\n\n\n<p class=\"wp-block-paragraph\">Quem procura onde alugar plataforma elevat\u00f3ria articulada pode recorrer \u00e0 Removelift para avaliar a necessidade da opera\u00e7\u00e3o e verificar a solu\u00e7\u00e3o adequada para o servi\u00e7o em altura.<\/p>\n\n\n\n<p class=\"wp-block-paragraph\">A empresa trabalha com plataformas elevat\u00f3rias el\u00e9tricas destinadas a diferentes demandas de eleva\u00e7\u00e3o. S\u00e3o equipamentos indicados para atividades que precisam elevar o operador e suas ferramentas de maneira controlada.<\/p>\n\n\n\n<p class=\"wp-block-paragraph\">O modelo articulado ganha espa\u00e7o principalmente quando o ponto de trabalho apresenta obst\u00e1culos ou exige uma aproxima\u00e7\u00e3o diferente daquela oferecida por uma eleva\u00e7\u00e3o exclusivamente vertical. <strong>Essa mobilidade ajuda a acessar \u00e1reas espec\u00edficas com maior praticidade operacional.<\/strong><\/p>\n\n\n\n<p class=\"wp-block-paragraph\">Antes da loca\u00e7\u00e3o, vale explicar com clareza onde o equipamento ser\u00e1 utilizado e qual atividade ser\u00e1 realizada. Quanto mais precisas forem essas informa\u00e7\u00f5es, mais objetiva tende a ser a orienta\u00e7\u00e3o sobre a plataforma necess\u00e1ria.<\/p>\n\n\n\n<ul class=\"wp-block-list\">\n<li><a href=\"https:\/\/www.removelift.com.br\/blog\/onde-comprar-transpaleteira-eletrica-para-cargas-de-ate-3-toneladas\/\">Onde comprar transpaleteira el\u00e9trica para cargas de at\u00e9 3 toneladas?<\/a>\u00a0<\/li>\n<\/ul>\n\n\n\n<h2 class=\"wp-block-heading\"><strong>Quando vale a pena alugar uma plataforma elevat\u00f3ria articulada?<\/strong><\/h2>\n\n\n\n<p class=\"wp-block-paragraph\">A loca\u00e7\u00e3o pode fazer sentido quando a necessidade do equipamento est\u00e1 ligada a uma obra, manuten\u00e7\u00e3o, instala\u00e7\u00e3o ou opera\u00e7\u00e3o com dura\u00e7\u00e3o determinada. Assim, a empresa utiliza a plataforma durante o per\u00edodo necess\u00e1rio para executar o trabalho.<\/p>\n\n\n\n<p class=\"wp-block-paragraph\">Esse formato tamb\u00e9m evita que uma demanda pontual resulte na compra de um equipamento que poder\u00e1 permanecer sem utiliza\u00e7\u00e3o ap\u00f3s o t\u00e9rmino do servi\u00e7o. Para muitas opera\u00e7\u00f5es, <strong>ter acesso ao equipamento quando ele \u00e9 realmente necess\u00e1rio facilita o planejamento de recursos.<\/strong><\/p>\n\n\n\n<p class=\"wp-block-paragraph\">Outra situa\u00e7\u00e3o comum acontece quando existem diferentes caracter\u00edsticas de trabalho ao longo do ano. A altura, o acesso e o ambiente podem mudar de um projeto para outro, tornando importante avaliar o equipamento adequado para cada cen\u00e1rio.<\/p>\n\n\n\n<p class=\"wp-block-paragraph\">Por isso, a decis\u00e3o entre compra e loca\u00e7\u00e3o deve considerar frequ\u00eancia de uso, dura\u00e7\u00e3o dos servi\u00e7os e caracter\u00edsticas das atividades realizadas. Quando a demanda \u00e9 espec\u00edfica ou tempor\u00e1ria, alugar uma plataforma elevat\u00f3ria articulada pode ser uma alternativa pr\u00e1tica.<\/p>\n\n\n\n<h3 class=\"wp-block-heading\"><strong>Manuten\u00e7\u00e3o, instala\u00e7\u00f5es e servi\u00e7os t\u00e9cnicos<\/strong><\/h3>\n\n\n\n<p class=\"wp-block-paragraph\">Em servi\u00e7os de manuten\u00e7\u00e3o predial, por exemplo, a plataforma pode ser empregada para alcan\u00e7ar pontos elevados que precisam de interven\u00e7\u00e3o. O objetivo \u00e9 proporcionar uma posi\u00e7\u00e3o de trabalho adequada para o profissional executar a atividade prevista.<\/p>\n\n\n\n<p class=\"wp-block-paragraph\">Instala\u00e7\u00f5es industriais tamb\u00e9m podem exigir acesso a estruturas, equipamentos ou pontos elevados dentro do ambiente operacional. Nesse contexto, a plataforma elevat\u00f3ria articulada permite organizar melhor o acesso at\u00e9 a \u00e1rea de servi\u00e7o.<\/p>\n\n\n\n<p class=\"wp-block-paragraph\">O mesmo racioc\u00ednio vale para interven\u00e7\u00f5es t\u00e9cnicas peri\u00f3dicas. <strong>Quando o acesso em altura faz parte do servi\u00e7o, o equipamento precisa ser escolhido de acordo com a tarefa e com as caracter\u00edsticas f\u00edsicas do local.<\/strong><\/p>\n\n\n\n<p class=\"wp-block-paragraph\">Antes de iniciar a atividade, tamb\u00e9m \u00e9 necess\u00e1rio considerar procedimentos internos de seguran\u00e7a, condi\u00e7\u00f5es do piso, circula\u00e7\u00e3o existente no espa\u00e7o e prepara\u00e7\u00e3o dos profissionais respons\u00e1veis pela opera\u00e7\u00e3o do equipamento.<\/p>\n\n\n\n<h3 class=\"wp-block-heading\"><strong>Opera\u00e7\u00f5es log\u00edsticas e ambientes internos<\/strong><\/h3>\n\n\n\n<p class=\"wp-block-paragraph\">A plataforma elevat\u00f3ria articulada el\u00e9trica \u00e9 especialmente interessante para locais em que ru\u00eddo e emiss\u00e3o de poluentes durante a opera\u00e7\u00e3o precisam ser considerados. Seu sistema el\u00e9trico permite funcionamento silencioso e sem emiss\u00e3o direta de gases pelo equipamento.<\/p>\n\n\n\n<p class=\"wp-block-paragraph\">Essa caracter\u00edstica favorece o uso em ambientes internos controlados, inclusive em determinadas instala\u00e7\u00f5es industriais e log\u00edsticas. Mesmo assim, cada aplica\u00e7\u00e3o precisa ser analisada individualmente antes da defini\u00e7\u00e3o do equipamento.<\/p>\n\n\n\n<p class=\"wp-block-paragraph\">Em \u00e1reas com circula\u00e7\u00e3o de pessoas, materiais ou outros equipamentos, o planejamento do trabalho tamb\u00e9m merece aten\u00e7\u00e3o. \u00c9 preciso observar espa\u00e7o dispon\u00edvel para posicionamento, movimenta\u00e7\u00e3o da m\u00e1quina e isolamento da \u00e1rea utilizada durante o servi\u00e7o.<\/p>\n\n\n\n<p class=\"wp-block-paragraph\"><strong>Uma boa loca\u00e7\u00e3o come\u00e7a antes de a plataforma chegar ao local.<\/strong> Informa\u00e7\u00f5es corretas sobre o ambiente ajudam a reduzir improvisos e tornam a prepara\u00e7\u00e3o da atividade mais organizada.<\/p>\n\n\n\n<ul class=\"wp-block-list\">\n<li><a href=\"https:\/\/www.removelift.com.br\/blog\/aluguel-de-empilhadeiras-para-construcao-civil\/\">Aluguel de empilhadeiras para constru\u00e7\u00e3o civil: o que avaliar <\/a>\u00a0<\/li>\n<\/ul>\n\n\n\n<h2 class=\"wp-block-heading\"><strong>O que avaliar ao alugar plataforma elevat\u00f3ria articulada?<\/strong><\/h2>\n\n\n\n<p class=\"wp-block-paragraph\">Antes de solicitar uma cota\u00e7\u00e3o, procure reunir informa\u00e7\u00f5es b\u00e1sicas sobre o trabalho. Altura do ponto de interven\u00e7\u00e3o, dist\u00e2ncia at\u00e9 a \u00e1rea que precisa ser alcan\u00e7ada e exist\u00eancia de obst\u00e1culos ajudam a definir a necessidade operacional.<\/p>\n\n\n\n<p class=\"wp-block-paragraph\">O ambiente tamb\u00e9m precisa ser descrito. Informe se a plataforma ser\u00e1 utilizada em espa\u00e7o interno ou externo, quais s\u00e3o as condi\u00e7\u00f5es do piso e se existem limita\u00e7\u00f5es para circula\u00e7\u00e3o, acesso ou posicionamento.<\/p>\n\n\n\n<p class=\"wp-block-paragraph\">Tamb\u00e9m vale considerar o tipo de atividade que ser\u00e1 executada e os materiais que acompanhar\u00e3o o profissional na plataforma. Essas informa\u00e7\u00f5es ajudam a avaliar as caracter\u00edsticas necess\u00e1rias para realizar a opera\u00e7\u00e3o dentro dos par\u00e2metros adequados.<\/p>\n\n\n\n<p class=\"wp-block-paragraph\"><strong>Escolher apenas pela altura indicada no equipamento pode n\u00e3o ser suficiente.<\/strong> Alcance necess\u00e1rio, posicionamento e configura\u00e7\u00e3o do ambiente interferem diretamente na escolha da plataforma elevat\u00f3ria articulada.<\/p>\n\n\n\n<p class=\"wp-block-paragraph\">Antes da contrata\u00e7\u00e3o, verifique principalmente:<\/p>\n\n\n\n<ul class=\"wp-block-list\">\n<li>altura e ponto que precisam ser alcan\u00e7ados;<\/li>\n\n\n\n<li>presen\u00e7a de estruturas ou obst\u00e1culos no trajeto;<\/li>\n\n\n\n<li>condi\u00e7\u00f5es e caracter\u00edsticas do piso;<\/li>\n\n\n\n<li>ambiente interno ou externo;<\/li>\n\n\n\n<li>espa\u00e7o dispon\u00edvel para acesso e posicionamento;<\/li>\n\n\n\n<li>dura\u00e7\u00e3o prevista da utiliza\u00e7\u00e3o;<\/li>\n\n\n\n<li>caracter\u00edsticas da atividade que ser\u00e1 realizada.<\/li>\n<\/ul>\n\n\n\n<h3 class=\"wp-block-heading\"><strong>Altura, alcance e condi\u00e7\u00f5es do local<\/strong><\/h3>\n\n\n\n<p class=\"wp-block-paragraph\">A altura de trabalho \u00e9 um dos primeiros dados solicitados durante a avalia\u00e7\u00e3o, mas ela deve ser analisada junto ao alcance necess\u00e1rio. Dois servi\u00e7os realizados na mesma altura podem exigir equipamentos diferentes por causa do posicionamento dispon\u00edvel.<\/p>\n\n\n\n<p class=\"wp-block-paragraph\">Pense, por exemplo, em um ponto elevado localizado atr\u00e1s de uma estrutura fixa. O equipamento talvez n\u00e3o possa ficar exatamente abaixo da \u00e1rea de trabalho, o que torna o alcance da plataforma uma vari\u00e1vel relevante.<\/p>\n\n\n\n<p class=\"wp-block-paragraph\">As condi\u00e7\u00f5es do local tamb\u00e9m interferem na opera\u00e7\u00e3o. Piso, espa\u00e7o para movimenta\u00e7\u00e3o e \u00e1reas de circula\u00e7\u00e3o devem ser conhecidos antes de definir onde o equipamento poder\u00e1 ser posicionado durante a atividade.<\/p>\n\n\n\n<p class=\"wp-block-paragraph\">Por esse motivo, <strong>descrever o cen\u00e1rio real do trabalho \u00e9 uma das melhores formas de evitar uma escolha baseada apenas em informa\u00e7\u00f5es gen\u00e9ricas.<\/strong> Fotos, medidas e detalhes operacionais podem facilitar essa avalia\u00e7\u00e3o.<\/p>\n\n\n\n<ul class=\"wp-block-list\">\n<li><a href=\"https:\/\/www.removelift.com.br\/blog\/diferenca-entre-empilhadeira-patolada-e-retratil\/\">Diferen\u00e7a entre empilhadeira patolada e retr\u00e1til: saiba tudo sobre<\/a>\u00a0<\/li>\n<\/ul>\n\n\n\n<h4 class=\"wp-block-heading\"><strong>Informa\u00e7\u00f5es que ajudam na solicita\u00e7\u00e3o de loca\u00e7\u00e3o<\/strong><\/h4>\n\n\n\n<p class=\"wp-block-paragraph\">Ao entrar em contato para alugar plataforma elevat\u00f3ria articulada, informe primeiro qual servi\u00e7o ser\u00e1 realizado. Dizer apenas que precisa alcan\u00e7ar determinado ponto fornece menos contexto do que explicar a atividade prevista.<\/p>\n\n\n\n<p class=\"wp-block-paragraph\">Depois, apresente a altura estimada e as caracter\u00edsticas do acesso. Se houver m\u00e1quinas, paredes, estruturas, corredores ou outros elementos entre o equipamento e a \u00e1rea de trabalho, essa informa\u00e7\u00e3o deve ser considerada.<\/p>\n\n\n\n<p class=\"wp-block-paragraph\">Tamb\u00e9m explique as condi\u00e7\u00f5es do ambiente. O uso interno ou externo controlado, a disponibilidade de espa\u00e7o e o per\u00edodo necess\u00e1rio para o equipamento ajudam a tornar a an\u00e1lise mais objetiva.<\/p>\n\n\n\n<p class=\"wp-block-paragraph\"><strong>Uma solicita\u00e7\u00e3o bem detalhada facilita a orienta\u00e7\u00e3o t\u00e9cnica e reduz d\u00favidas durante a contrata\u00e7\u00e3o.<\/strong> Isso tamb\u00e9m permite alinhar expectativas antes do in\u00edcio da opera\u00e7\u00e3o.<\/p>\n\n\n\n<h2 class=\"wp-block-heading\"><strong>Por que considerar a Removelift para loca\u00e7\u00e3o?<\/strong><\/h2>\n\n\n\n<figure class=\"wp-block-image alignright size-full\"><img fetchpriority=\"high\" decoding=\"async\" width=\"474\" height=\"527\" src=\"https:\/\/www.removelift.com.br\/blog\/wp-content\/uploads\/2026\/06\/plataforma-elevatoria-eletrica.png\" alt=\"\" class=\"wp-image-3742\" srcset=\"https:\/\/www.removelift.com.br\/blog\/wp-content\/uploads\/2026\/06\/plataforma-elevatoria-eletrica.png 474w, https:\/\/www.removelift.com.br\/blog\/wp-content\/uploads\/2026\/06\/plataforma-elevatoria-eletrica-270x300.png 270w\" sizes=\"(max-width: 474px) 100vw, 474px\" \/><\/figure>\n\n\n\n<p class=\"wp-block-paragraph\">A Removelift construiu sua atua\u00e7\u00e3o voltada ao fornecimento de equipamentos para movimenta\u00e7\u00e3o e apoio \u00e0s opera\u00e7\u00f5es industriais e log\u00edsticas. O atendimento busca compreender a realidade de cada cliente antes da defini\u00e7\u00e3o da alternativa.<\/p>\n\n\n\n<p class=\"wp-block-paragraph\">A empresa trabalha com plataformas elevat\u00f3rias el\u00e9tricas preparadas para diferentes necessidades de eleva\u00e7\u00e3o. O foco est\u00e1 em disponibilizar equipamentos confi\u00e1veis e oferecer orienta\u00e7\u00e3o durante a escolha.<\/p>\n\n\n\n<p class=\"wp-block-paragraph\">Essa proximidade \u00e9 relevante porque trabalhos em altura apresentam caracter\u00edsticas bastante diferentes entre si. <strong>Entender o ambiente e a tarefa permite tomar uma decis\u00e3o mais coerente do que simplesmente escolher um modelo de forma isolada.<\/strong><\/p>\n\n\n\n<p class=\"wp-block-paragraph\">Compromisso, responsabilidade, organiza\u00e7\u00e3o e transpar\u00eancia fazem parte da forma de atua\u00e7\u00e3o apresentada pela Removelift. A empresa tamb\u00e9m mant\u00e9m uma cultura orientada \u00e0 melhoria cont\u00ednua e ao desenvolvimento de conhecimento t\u00e9cnico.<\/p>\n\n\n\n<ul class=\"wp-block-list\">\n<li><a href=\"https:\/\/www.removelift.com.br\/blog\/como-escolher-plataforma-elevatoria-ideal\/\">Como escolher plataforma elevat\u00f3ria ideal para cada projeto<\/a>\u00a0<\/li>\n<\/ul>\n\n\n\n<h2 class=\"wp-block-heading\"><strong>Plataforma elevat\u00f3ria articulada: solicite sua loca\u00e7\u00e3o<\/strong><\/h2>\n\n\n\n<p class=\"wp-block-paragraph\">Se existe uma manuten\u00e7\u00e3o, instala\u00e7\u00e3o ou atividade em altura prevista, deixar a escolha do equipamento para a \u00faltima hora pode comprometer o cronograma. Reunir as informa\u00e7\u00f5es do servi\u00e7o antecipadamente facilita a avalia\u00e7\u00e3o.<\/p>\n\n\n\n<p class=\"wp-block-paragraph\">Para quem busca uma <strong>plataforma elevat\u00f3ria articulada<\/strong>, o primeiro passo \u00e9 entender as condi\u00e7\u00f5es reais da opera\u00e7\u00e3o: onde ser\u00e1 utilizada, qual ponto precisa ser alcan\u00e7ado e durante quanto tempo o equipamento ser\u00e1 necess\u00e1rio.<\/p>\n\n\n\n<p class=\"wp-block-paragraph\">Com essas informa\u00e7\u00f5es, a equipe da Removelift pode orientar a escolha de uma solu\u00e7\u00e3o compat\u00edvel com a necessidade apresentada. <strong>O objetivo \u00e9 colocar o equipamento certo dentro do contexto certo de trabalho.<\/strong><\/p>\n\n\n\n<p class=\"wp-block-paragraph\"><strong>Precisa alugar uma plataforma elevat\u00f3ria articulada? <\/strong><a href=\"https:\/\/www.removelift.com.br\/contato\/\"><strong>Entre em contato com a Removelift, apresente os detalhes da sua opera\u00e7\u00e3o e solicite uma avalia\u00e7\u00e3o para encontrar a alternativa adequada para o servi\u00e7o.<\/strong><\/a><\/p>\n","protected":false},"excerpt":{"rendered":"<p><span class=\"span-reading-time rt-reading-time\" style=\"display: block;\"><span class=\"rt-label rt-prefix\">Tempo de leitura:<\/span> <span class=\"rt-time\"> 5<\/span> <span class=\"rt-label rt-postfix\">minutos<\/span><\/span>Alugue plataforma elevat\u00f3ria articulada para trabalhos em altura com suporte t\u00e9cnico. Saiba o que avaliar e fale com a Removelift. Encontrar onde alugar plataforma elevat\u00f3ria articulada costuma se tornar prioridade quando existe um trabalho em altura programado e a equipe precisa definir rapidamente o equipamento adequado. Manuten\u00e7\u00f5es, instala\u00e7\u00f5es e interven\u00e7\u00f5es industriais s\u00e3o alguns exemplos. Nessas situa\u00e7\u00f5es, a escolha deve considerar o local da atividade, a altura necess\u00e1ria, as condi\u00e7\u00f5es de acesso e o tipo de opera\u00e7\u00e3o. Um equipamento inadequado pode dificultar o servi\u00e7o e comprometer todo o planejamento da equipe. A Removelift atua no fornecimento de solu\u00e7\u00f5es para movimenta\u00e7\u00e3o e apoio \u00e0s opera\u00e7\u00f5es industriais e log\u00edsticas, com atendimento orientado \u00e0s necessidades de cada cliente. A ideia \u00e9 entender primeiro a opera\u00e7\u00e3o para indicar uma alternativa compat\u00edvel com o trabalho. Onde alugar plataforma elevat\u00f3ria articulada? Quem procura onde alugar plataforma elevat\u00f3ria articulada pode recorrer \u00e0 Removelift para avaliar a necessidade da opera\u00e7\u00e3o e verificar a solu\u00e7\u00e3o adequada para o servi\u00e7o em altura. A empresa trabalha com plataformas elevat\u00f3rias el\u00e9tricas destinadas a diferentes demandas de eleva\u00e7\u00e3o. S\u00e3o equipamentos indicados para atividades que precisam elevar o operador e suas ferramentas de maneira controlada. O modelo articulado ganha espa\u00e7o principalmente quando o ponto de trabalho apresenta obst\u00e1culos ou exige uma aproxima\u00e7\u00e3o diferente daquela oferecida por uma eleva\u00e7\u00e3o exclusivamente vertical. Essa mobilidade ajuda a acessar \u00e1reas espec\u00edficas com maior praticidade operacional. Antes da loca\u00e7\u00e3o, vale explicar com clareza onde o equipamento ser\u00e1 utilizado e qual atividade ser\u00e1 realizada. Quanto mais precisas forem essas informa\u00e7\u00f5es, mais objetiva tende a ser a orienta\u00e7\u00e3o sobre a plataforma necess\u00e1ria. Quando vale a pena alugar uma plataforma elevat\u00f3ria articulada? A loca\u00e7\u00e3o pode fazer sentido quando a necessidade do equipamento est\u00e1 ligada a uma obra, manuten\u00e7\u00e3o, instala\u00e7\u00e3o ou opera\u00e7\u00e3o com dura\u00e7\u00e3o determinada. Assim, a empresa utiliza a plataforma durante o per\u00edodo necess\u00e1rio para executar o trabalho. Esse formato tamb\u00e9m evita que uma demanda pontual resulte na compra de um equipamento que poder\u00e1 permanecer sem utiliza\u00e7\u00e3o ap\u00f3s o t\u00e9rmino do servi\u00e7o. Para muitas opera\u00e7\u00f5es, ter acesso ao equipamento quando ele \u00e9 realmente necess\u00e1rio facilita o planejamento de recursos. Outra situa\u00e7\u00e3o comum acontece quando existem diferentes caracter\u00edsticas de trabalho ao longo do ano. A altura, o acesso e o ambiente podem mudar de um projeto para outro, tornando importante avaliar o equipamento adequado para cada cen\u00e1rio. Por isso, a decis\u00e3o entre compra e loca\u00e7\u00e3o deve considerar frequ\u00eancia de uso, dura\u00e7\u00e3o dos servi\u00e7os e caracter\u00edsticas das atividades realizadas. Quando a demanda \u00e9 espec\u00edfica ou tempor\u00e1ria, alugar uma plataforma elevat\u00f3ria articulada pode ser uma alternativa pr\u00e1tica. Manuten\u00e7\u00e3o, instala\u00e7\u00f5es e servi\u00e7os t\u00e9cnicos Em servi\u00e7os de manuten\u00e7\u00e3o predial, por exemplo, a plataforma pode ser empregada para alcan\u00e7ar pontos elevados que precisam de interven\u00e7\u00e3o. O objetivo \u00e9 proporcionar uma posi\u00e7\u00e3o de trabalho adequada para o profissional executar a atividade prevista. Instala\u00e7\u00f5es industriais tamb\u00e9m podem exigir acesso a estruturas, equipamentos ou pontos elevados dentro do ambiente operacional. Nesse contexto, a plataforma elevat\u00f3ria articulada permite organizar melhor o acesso at\u00e9 a \u00e1rea de servi\u00e7o. O mesmo racioc\u00ednio vale para interven\u00e7\u00f5es t\u00e9cnicas peri\u00f3dicas. Quando o acesso em altura faz parte do servi\u00e7o, o equipamento precisa ser escolhido de acordo com a tarefa e com as caracter\u00edsticas f\u00edsicas do local. Antes de iniciar a atividade, tamb\u00e9m \u00e9 necess\u00e1rio considerar procedimentos internos de seguran\u00e7a, condi\u00e7\u00f5es do piso, circula\u00e7\u00e3o existente no espa\u00e7o e prepara\u00e7\u00e3o dos profissionais respons\u00e1veis pela opera\u00e7\u00e3o do equipamento. Opera\u00e7\u00f5es log\u00edsticas e ambientes internos A plataforma elevat\u00f3ria articulada el\u00e9trica \u00e9 especialmente interessante para locais em que ru\u00eddo e emiss\u00e3o de poluentes durante a opera\u00e7\u00e3o precisam ser considerados. Seu sistema el\u00e9trico permite funcionamento silencioso e sem emiss\u00e3o direta de gases pelo equipamento. Essa caracter\u00edstica favorece o uso em ambientes internos controlados, inclusive em determinadas instala\u00e7\u00f5es industriais e log\u00edsticas. Mesmo assim, cada aplica\u00e7\u00e3o precisa ser analisada individualmente antes da defini\u00e7\u00e3o do equipamento. Em \u00e1reas com circula\u00e7\u00e3o de pessoas, materiais ou outros equipamentos, o planejamento do trabalho tamb\u00e9m merece aten\u00e7\u00e3o. \u00c9 preciso observar espa\u00e7o dispon\u00edvel para posicionamento, movimenta\u00e7\u00e3o da m\u00e1quina e isolamento da \u00e1rea utilizada durante o servi\u00e7o. Uma boa loca\u00e7\u00e3o come\u00e7a antes de a plataforma chegar ao local. Informa\u00e7\u00f5es corretas sobre o ambiente ajudam a reduzir improvisos e tornam a prepara\u00e7\u00e3o da atividade mais organizada. O que avaliar ao alugar plataforma elevat\u00f3ria articulada? Antes de solicitar uma cota\u00e7\u00e3o, procure reunir informa\u00e7\u00f5es b\u00e1sicas sobre o trabalho. Altura do ponto de interven\u00e7\u00e3o, dist\u00e2ncia at\u00e9 a \u00e1rea que precisa ser alcan\u00e7ada e exist\u00eancia de obst\u00e1culos ajudam a definir a necessidade operacional. O ambiente tamb\u00e9m precisa ser descrito. Informe se a plataforma ser\u00e1 utilizada em espa\u00e7o interno ou externo, quais s\u00e3o as condi\u00e7\u00f5es do piso e se existem limita\u00e7\u00f5es para circula\u00e7\u00e3o, acesso ou posicionamento. Tamb\u00e9m vale considerar o tipo de atividade que ser\u00e1 executada e os materiais que acompanhar\u00e3o o profissional na plataforma. Essas informa\u00e7\u00f5es ajudam a avaliar as caracter\u00edsticas necess\u00e1rias para realizar a opera\u00e7\u00e3o dentro dos par\u00e2metros adequados. Escolher apenas pela altura indicada no equipamento pode n\u00e3o ser suficiente. Alcance necess\u00e1rio, posicionamento e configura\u00e7\u00e3o do ambiente interferem diretamente na escolha da plataforma elevat\u00f3ria articulada. Antes da contrata\u00e7\u00e3o, verifique principalmente: Altura, alcance e condi\u00e7\u00f5es do local A altura de trabalho \u00e9 um dos primeiros dados solicitados durante a avalia\u00e7\u00e3o, mas ela deve ser analisada junto ao alcance necess\u00e1rio. Dois servi\u00e7os realizados na mesma altura podem exigir equipamentos diferentes por causa do posicionamento dispon\u00edvel. Pense, por exemplo, em um ponto elevado localizado atr\u00e1s de uma estrutura fixa. O equipamento talvez n\u00e3o possa ficar exatamente abaixo da \u00e1rea de trabalho, o que torna o alcance da plataforma uma vari\u00e1vel relevante. As condi\u00e7\u00f5es do local tamb\u00e9m interferem na opera\u00e7\u00e3o. Piso, espa\u00e7o para movimenta\u00e7\u00e3o e \u00e1reas de circula\u00e7\u00e3o devem ser conhecidos antes de definir onde o equipamento poder\u00e1 ser posicionado durante a atividade. Por esse motivo, descrever o cen\u00e1rio real do trabalho \u00e9 uma das melhores formas de evitar uma escolha baseada apenas em informa\u00e7\u00f5es gen\u00e9ricas. Fotos, medidas e detalhes operacionais podem facilitar essa avalia\u00e7\u00e3o. Informa\u00e7\u00f5es que ajudam na solicita\u00e7\u00e3o de loca\u00e7\u00e3o Ao entrar em contato para alugar plataforma elevat\u00f3ria articulada, informe primeiro qual servi\u00e7o ser\u00e1 realizado. Dizer apenas que precisa<\/p>\n","protected":false},"author":1,"featured_media":3759,"comment_status":"open","ping_status":"open","sticky":false,"template":"","format":"standard","meta":{"footnotes":""},"categories":[2707],"tags":[3078,3079,3105,3098,3107,3138,3110,3088,3141,3157,3153,3161,3158,3154,3155,3156,3144,3143,3159,3162,3163,3147,3151,3149,3148,3152,3165,3150,3164,3160,3140,3145,3142,3146,3090,3077,3081,3094,3104,3093,3092,3097,3100,3099,3080,3108,3087,3083,3086,3076,3113,3129,3125,3133,3130,3126,3127,3128,3116,3115,3131,3134,3135,3119,3123,3121,3120,3124,3137,3122,3136,3132,3112,3117,3103,3114,3118,3089,2835,3091,3084,3085,3082,3106,3101,3102,3096,3095,3139,3111,3109],"class_list":["post-3758","post","type-post","status-publish","format-standard","has-post-thumbnail","hentry","category-empilhadeiras-eletricas","tag-aluguel-de-plataforma-articulada-eletrica","tag-aluguel-de-plataforma-elevatoria-articulada","tag-como-escolher-a-altura-da-plataforma-elevatoria","tag-como-escolher-uma-plataforma-elevatoria-articulada","tag-como-solicitar-locacao-de-plataforma-elevatoria-articulada","tag-empresa-de-lataforma-elevatoria-eletrica-articulada","tag-empresa-de-plataforma-elevatoria-articulada","tag-equipamento-para-trabalho-em-altura","tag-lataforma-elevatoria-eletrica-articulada-comprar","tag-lataforma-elevatoria-eletrica-articulada-em-diadema","tag-lataforma-elevatoria-eletrica-articulada-em-guarulhos","tag-lataforma-elevatoria-eletrica-articulada-em-maua","tag-lataforma-elevatoria-eletrica-articulada-em-osasco","tag-lataforma-elevatoria-eletrica-articulada-em-santo-andre","tag-lataforma-elevatoria-eletrica-articulada-em-sao-bernardo","tag-lataforma-elevatoria-eletrica-articulada-em-sao-caetano","tag-lataforma-elevatoria-eletrica-articulada-em-sao-paulo","tag-lataforma-elevatoria-eletrica-articulada-em-sp","tag-lataforma-elevatoria-eletrica-articulada-na-baixada-santista","tag-lataforma-elevatoria-eletrica-articulada-na-grande-sao-paulo","tag-lataforma-elevatoria-eletrica-articulada-na-regiao-metropolitana","tag-lataforma-elevatoria-eletrica-articulada-na-zona-leste","tag-lataforma-elevatoria-eletrica-articulada-na-zona-norte","tag-lataforma-elevatoria-eletrica-articulada-na-zona-oeste","tag-lataforma-elevatoria-eletrica-articulada-na-zona-sul","tag-lataforma-elevatoria-eletrica-articulada-no-abc","tag-lataforma-elevatoria-eletrica-articulada-no-abcd","tag-lataforma-elevatoria-eletrica-articulada-no-centro","tag-lataforma-elevatoria-eletrica-articulada-no-grande-abc","tag-lataforma-elevatoria-eletrica-articulada-no-litoral-paulista","tag-lataforma-elevatoria-eletrica-articulada-onde-encontrar","tag-lataforma-elevatoria-eletrica-articulada-perto-de-mim","tag-lataforma-elevatoria-eletrica-articulada-preco","tag-lataforma-elevatoria-eletrica-articulada-proximo-a-mim","tag-locacao-de-equipamento-para-trabalho-em-altura","tag-locacao-de-plataforma-articulada-eletrica","tag-locacao-de-plataforma-elevatoria-articulada","tag-locacao-de-plataforma-elevatoria-removelift","tag-o-que-avaliar-antes-de-alugar-uma-plataforma-elevatoria","tag-onde-alugar-plataforma-articulada","tag-onde-alugar-plataforma-elevatoria","tag-onde-alugar-plataforma-elevatoria-articulada","tag-onde-usar-plataforma-elevatoria-articulada-eletrica","tag-para-que-serve-uma-plataforma-elevatoria-articulada","tag-plataforma-articulada-eletrica","tag-plataforma-articulada-eletrica-serve-para-logistica","tag-plataforma-articulada-para-instalacao-industrial","tag-plataforma-articulada-para-manutencao","tag-plataforma-eletrica-para-trabalho-em-altura","tag-plataforma-elevatoria-articulada","tag-plataforma-elevatoria-articulada-comprar","tag-plataforma-elevatoria-articulada-em-diadema","tag-plataforma-elevatoria-articulada-em-guarulhos","tag-plataforma-elevatoria-articulada-em-maua","tag-plataforma-elevatoria-articulada-em-osasco","tag-plataforma-elevatoria-articulada-em-santo-andre","tag-plataforma-elevatoria-articulada-em-sao-bernardo","tag-plataforma-elevatoria-articulada-em-sao-caetano","tag-plataforma-elevatoria-articulada-em-sao-paulo","tag-plataforma-elevatoria-articulada-em-sp","tag-plataforma-elevatoria-articulada-na-baixada-santista","tag-plataforma-elevatoria-articulada-na-grande-sao-paulo","tag-plataforma-elevatoria-articulada-na-regiao-metropolitana","tag-plataforma-elevatoria-articulada-na-zona-leste","tag-plataforma-elevatoria-articulada-na-zona-norte","tag-plataforma-elevatoria-articulada-na-zona-oeste","tag-plataforma-elevatoria-articulada-na-zona-sul","tag-plataforma-elevatoria-articulada-no-abc","tag-plataforma-elevatoria-articulada-no-abcd","tag-plataforma-elevatoria-articulada-no-centro","tag-plataforma-elevatoria-articulada-no-grande-abc","tag-plataforma-elevatoria-articulada-no-litoral-paulista","tag-plataforma-elevatoria-articulada-onde-encontrar","tag-plataforma-elevatoria-articulada-perto-de-mim","tag-plataforma-elevatoria-articulada-pode-ser-usada-em-ambiente-interno","tag-plataforma-elevatoria-articulada-preco","tag-plataforma-elevatoria-articulada-proximo-a-mim","tag-plataforma-elevatoria-eletrica-para-ambiente-interno","tag-plataforma-elevatoria-para-industria","tag-plataforma-elevatoria-para-logistica","tag-plataforma-elevatoria-para-manutencao-industrial","tag-plataforma-elevatoria-para-manutencao-predial","tag-plataforma-elevatoria-para-trabalho-em-altura","tag-qual-a-diferenca-entre-altura-e-alcance-de-uma-plataforma-articulada","tag-qual-equipamento-usar-para-trabalho-em-altura","tag-qual-plataforma-elevatoria-usar-para-manutencao-industrial","tag-quando-alugar-uma-plataforma-elevatoria-articulada","tag-quanto-custa-alugar-uma-plataforma-elevatoria-articulada","tag-servico-de-lataforma-elevatoria-eletrica-articulada","tag-servico-de-plataforma-elevatoria-articulada","tag-vale-a-pena-alugar-plataforma-elevatoria"],"yoast_head":"<!-- This site is optimized with the Yoast SEO plugin v27.5 - https:\/\/yoast.com\/product\/yoast-seo-wordpress\/ -->\n<title>Onde alugar plataforma elevat\u00f3ria articulada? - Blog<\/title>\n<meta name=\"description\" content=\"Alugue plataforma elevat\u00f3ria articulada para trabalhos em altura com suporte t\u00e9cnico. Saiba o que avaliar e fale com a Removelift.\" \/>\n<meta name=\"robots\" content=\"index, follow, max-snippet:-1, max-image-preview:large, max-video-preview:-1\" \/>\n<link rel=\"canonical\" href=\"https:\/\/www.removelift.com.br\/blog\/plataforma-elevatoria-articulada\/\" \/>\n<meta property=\"og:locale\" content=\"pt_BR\" \/>\n<meta property=\"og:type\" content=\"article\" \/>\n<meta property=\"og:title\" content=\"Onde alugar plataforma elevat\u00f3ria articulada? - Blog\" \/>\n<meta property=\"og:description\" content=\"Alugue plataforma elevat\u00f3ria articulada para trabalhos em altura com suporte t\u00e9cnico. Saiba o que avaliar e fale com a Removelift.\" \/>\n<meta property=\"og:url\" content=\"https:\/\/www.removelift.com.br\/blog\/plataforma-elevatoria-articulada\/\" \/>\n<meta property=\"og:site_name\" content=\"Blog\" \/>\n<meta property=\"article:published_time\" content=\"2026-08-18T17:39:15+00:00\" \/>\n<meta property=\"article:modified_time\" content=\"2026-08-18T17:43:10+00:00\" \/>\n<meta property=\"og:image\" content=\"https:\/\/www.removelift.com.br\/blog\/wp-content\/uploads\/2026\/08\/ChatGPT-Image-18-de-ago.-de-2026-14_35_14-1024x576.png\" \/>\n\t<meta property=\"og:image:width\" content=\"1024\" \/>\n\t<meta property=\"og:image:height\" content=\"576\" \/>\n\t<meta property=\"og:image:type\" content=\"image\/png\" \/>\n<meta name=\"author\" content=\"administrador\" \/>\n<meta name=\"twitter:card\" content=\"summary_large_image\" \/>\n<meta name=\"twitter:label1\" content=\"Escrito por\" \/>\n\t<meta name=\"twitter:data1\" content=\"administrador\" \/>\n\t<meta name=\"twitter:label2\" content=\"Est. tempo de leitura\" \/>\n\t<meta name=\"twitter:data2\" content=\"9 minutos\" \/>\n<script type=\"application\/ld+json\" class=\"yoast-schema-graph\">{\"@context\":\"https:\\\/\\\/schema.org\",\"@graph\":[{\"@type\":\"Article\",\"@id\":\"https:\\\/\\\/www.removelift.com.br\\\/blog\\\/plataforma-elevatoria-articulada\\\/#article\",\"isPartOf\":{\"@id\":\"https:\\\/\\\/www.removelift.com.br\\\/blog\\\/plataforma-elevatoria-articulada\\\/\"},\"author\":{\"name\":\"administrador\",\"@id\":\"https:\\\/\\\/www.removelift.com.br\\\/blog\\\/#\\\/schema\\\/person\\\/e3452b10c09d4f8165e0809c60e20df3\"},\"headline\":\"Onde alugar plataforma elevat\u00f3ria articulada?\",\"datePublished\":\"2026-08-18T17:39:15+00:00\",\"dateModified\":\"2026-08-18T17:43:10+00:00\",\"mainEntityOfPage\":{\"@id\":\"https:\\\/\\\/www.removelift.com.br\\\/blog\\\/plataforma-elevatoria-articulada\\\/\"},\"wordCount\":1668,\"commentCount\":0,\"publisher\":{\"@id\":\"https:\\\/\\\/www.removelift.com.br\\\/blog\\\/#organization\"},\"image\":{\"@id\":\"https:\\\/\\\/www.removelift.com.br\\\/blog\\\/plataforma-elevatoria-articulada\\\/#primaryimage\"},\"thumbnailUrl\":\"https:\\\/\\\/www.removelift.com.br\\\/blog\\\/wp-content\\\/uploads\\\/2026\\\/08\\\/ChatGPT-Image-18-de-ago.-de-2026-14_35_14.png\",\"keywords\":[\"aluguel de plataforma articulada el\u00e9trica\",\"aluguel de plataforma elevat\u00f3ria articulada\",\"como escolher a altura da plataforma elevat\u00f3ria?\",\"como escolher uma plataforma elevat\u00f3ria articulada?\",\"como solicitar loca\u00e7\u00e3o de plataforma elevat\u00f3ria articulada?\",\"empresa de lataforma elevat\u00f3ria eletrica articulada\",\"empresa de plataforma elevat\u00f3ria articulada\",\"equipamento para trabalho em altura\",\"lataforma elevat\u00f3ria eletrica articulada comprar\",\"lataforma elevat\u00f3ria eletrica articulada em Diadema\",\"lataforma elevat\u00f3ria eletrica articulada em Guarulhos\",\"lataforma elevat\u00f3ria eletrica articulada em Mau\u00e1\",\"lataforma elevat\u00f3ria eletrica articulada em Osasco\",\"lataforma elevat\u00f3ria eletrica articulada em Santo Andr\u00e9\",\"lataforma elevat\u00f3ria eletrica articulada em S\u00e3o Bernardo\",\"lataforma elevat\u00f3ria eletrica articulada em S\u00e3o Caetano\",\"lataforma elevat\u00f3ria eletrica articulada em s\u00e3o paulo\",\"lataforma elevat\u00f3ria eletrica articulada em sp\",\"lataforma elevat\u00f3ria eletrica articulada na baixada santista\",\"lataforma elevat\u00f3ria eletrica articulada na grande S\u00e3o Paulo\",\"lataforma elevat\u00f3ria eletrica articulada na Regi\u00e3o Metropolitana\",\"lataforma elevat\u00f3ria eletrica articulada na zona leste\",\"lataforma elevat\u00f3ria eletrica articulada na zona norte\",\"lataforma elevat\u00f3ria eletrica articulada na zona oeste\",\"lataforma elevat\u00f3ria eletrica articulada na zona sul\",\"lataforma elevat\u00f3ria eletrica articulada no ABC\",\"lataforma elevat\u00f3ria eletrica articulada no ABCD\",\"lataforma elevat\u00f3ria eletrica articulada no centro\",\"lataforma elevat\u00f3ria eletrica articulada no grande ABC\",\"lataforma elevat\u00f3ria eletrica articulada no litoral paulista\",\"lataforma elevat\u00f3ria eletrica articulada onde encontrar\",\"lataforma elevat\u00f3ria eletrica articulada perto de mim\",\"lataforma elevat\u00f3ria eletrica articulada pre\u00e7o\",\"lataforma elevat\u00f3ria eletrica articulada pr\u00f3ximo a mim\",\"loca\u00e7\u00e3o de equipamento para trabalho em altura\",\"loca\u00e7\u00e3o de plataforma articulada el\u00e9trica\",\"loca\u00e7\u00e3o de plataforma elevat\u00f3ria articulada\",\"loca\u00e7\u00e3o de plataforma elevat\u00f3ria Removelift\",\"o que avaliar antes de alugar uma plataforma elevat\u00f3ria?\",\"onde alugar plataforma articulada\",\"onde alugar plataforma elevat\u00f3ria\",\"onde alugar plataforma elevat\u00f3ria articulada?\",\"onde usar plataforma elevat\u00f3ria articulada el\u00e9trica?\",\"para que serve uma plataforma elevat\u00f3ria articulada?\",\"plataforma articulada el\u00e9trica\",\"plataforma articulada el\u00e9trica serve para log\u00edstica?\",\"plataforma articulada para instala\u00e7\u00e3o industrial\",\"plataforma articulada para manuten\u00e7\u00e3o\",\"plataforma el\u00e9trica para trabalho em altura\",\"plataforma elevat\u00f3ria articulada\",\"plataforma elevat\u00f3ria articulada comprar\",\"plataforma elevat\u00f3ria articulada em Diadema\",\"plataforma elevat\u00f3ria articulada em Guarulhos\",\"plataforma elevat\u00f3ria articulada em Mau\u00e1\",\"plataforma elevat\u00f3ria articulada em Osasco\",\"plataforma elevat\u00f3ria articulada em Santo Andr\u00e9\",\"plataforma elevat\u00f3ria articulada em S\u00e3o Bernardo\",\"plataforma elevat\u00f3ria articulada em S\u00e3o Caetano\",\"plataforma elevat\u00f3ria articulada em s\u00e3o paulo\",\"plataforma elevat\u00f3ria articulada em sp\",\"plataforma elevat\u00f3ria articulada na baixada santista\",\"plataforma elevat\u00f3ria articulada na grande S\u00e3o Paulo\",\"plataforma elevat\u00f3ria articulada na Regi\u00e3o Metropolitana\",\"plataforma elevat\u00f3ria articulada na zona leste\",\"plataforma elevat\u00f3ria articulada na zona norte\",\"plataforma elevat\u00f3ria articulada na zona oeste\",\"plataforma elevat\u00f3ria articulada na zona sul\",\"plataforma elevat\u00f3ria articulada no ABC\",\"plataforma elevat\u00f3ria articulada no ABCD\",\"plataforma elevat\u00f3ria articulada no centro\",\"plataforma elevat\u00f3ria articulada no grande ABC\",\"plataforma elevat\u00f3ria articulada no litoral paulista\",\"plataforma elevat\u00f3ria articulada onde encontrar\",\"plataforma elevat\u00f3ria articulada perto de mim\",\"plataforma elevat\u00f3ria articulada pode ser usada em ambiente interno?\",\"plataforma elevat\u00f3ria articulada pre\u00e7o\",\"plataforma elevat\u00f3ria articulada pr\u00f3ximo a mim\",\"plataforma elevat\u00f3ria el\u00e9trica para ambiente interno\",\"plataforma elevat\u00f3ria para ind\u00fastria\",\"plataforma elevat\u00f3ria para log\u00edstica\",\"plataforma elevat\u00f3ria para manuten\u00e7\u00e3o industrial\",\"plataforma elevat\u00f3ria para manuten\u00e7\u00e3o predial\",\"plataforma elevat\u00f3ria para trabalho em altura\",\"qual a diferen\u00e7a entre altura e alcance de uma plataforma articulada?\",\"qual equipamento usar para trabalho em altura?\",\"qual plataforma elevat\u00f3ria usar para manuten\u00e7\u00e3o industrial?\",\"quando alugar uma plataforma elevat\u00f3ria articulada?\",\"quanto custa alugar uma plataforma elevat\u00f3ria articulada?\",\"servi\u00e7o de lataforma elevat\u00f3ria eletrica articulada\",\"servi\u00e7o de plataforma elevat\u00f3ria articulada\",\"vale a pena alugar plataforma elevat\u00f3ria?\"],\"articleSection\":[\"empilhadeiras el\u00e9tricas\"],\"inLanguage\":\"pt-BR\",\"potentialAction\":[{\"@type\":\"CommentAction\",\"name\":\"Comment\",\"target\":[\"https:\\\/\\\/www.removelift.com.br\\\/blog\\\/plataforma-elevatoria-articulada\\\/#respond\"]}]},{\"@type\":\"WebPage\",\"@id\":\"https:\\\/\\\/www.removelift.com.br\\\/blog\\\/plataforma-elevatoria-articulada\\\/\",\"url\":\"https:\\\/\\\/www.removelift.com.br\\\/blog\\\/plataforma-elevatoria-articulada\\\/\",\"name\":\"Onde alugar plataforma elevat\u00f3ria articulada? - Blog\",\"isPartOf\":{\"@id\":\"https:\\\/\\\/www.removelift.com.br\\\/blog\\\/#website\"},\"primaryImageOfPage\":{\"@id\":\"https:\\\/\\\/www.removelift.com.br\\\/blog\\\/plataforma-elevatoria-articulada\\\/#primaryimage\"},\"image\":{\"@id\":\"https:\\\/\\\/www.removelift.com.br\\\/blog\\\/plataforma-elevatoria-articulada\\\/#primaryimage\"},\"thumbnailUrl\":\"https:\\\/\\\/www.removelift.com.br\\\/blog\\\/wp-content\\\/uploads\\\/2026\\\/08\\\/ChatGPT-Image-18-de-ago.-de-2026-14_35_14.png\",\"datePublished\":\"2026-08-18T17:39:15+00:00\",\"dateModified\":\"2026-08-18T17:43:10+00:00\",\"description\":\"Alugue plataforma elevat\u00f3ria articulada para trabalhos em altura com suporte t\u00e9cnico. Saiba o que avaliar e fale com a Removelift.\",\"breadcrumb\":{\"@id\":\"https:\\\/\\\/www.removelift.com.br\\\/blog\\\/plataforma-elevatoria-articulada\\\/#breadcrumb\"},\"inLanguage\":\"pt-BR\",\"potentialAction\":[{\"@type\":\"ReadAction\",\"target\":[\"https:\\\/\\\/www.removelift.com.br\\\/blog\\\/plataforma-elevatoria-articulada\\\/\"]}]},{\"@type\":\"ImageObject\",\"inLanguage\":\"pt-BR\",\"@id\":\"https:\\\/\\\/www.removelift.com.br\\\/blog\\\/plataforma-elevatoria-articulada\\\/#primaryimage\",\"url\":\"https:\\\/\\\/www.removelift.com.br\\\/blog\\\/wp-content\\\/uploads\\\/2026\\\/08\\\/ChatGPT-Image-18-de-ago.-de-2026-14_35_14.png\",\"contentUrl\":\"https:\\\/\\\/www.removelift.com.br\\\/blog\\\/wp-content\\\/uploads\\\/2026\\\/08\\\/ChatGPT-Image-18-de-ago.-de-2026-14_35_14.png\",\"width\":1672,\"height\":941,\"caption\":\"Onde alugar plataforma elevat\u00f3ria articulada?\"},{\"@type\":\"BreadcrumbList\",\"@id\":\"https:\\\/\\\/www.removelift.com.br\\\/blog\\\/plataforma-elevatoria-articulada\\\/#breadcrumb\",\"itemListElement\":[{\"@type\":\"ListItem\",\"position\":1,\"name\":\"In\u00edcio\",\"item\":\"https:\\\/\\\/www.removelift.com.br\\\/blog\\\/\"},{\"@type\":\"ListItem\",\"position\":2,\"name\":\"Onde alugar plataforma elevat\u00f3ria articulada?\"}]},{\"@type\":\"WebSite\",\"@id\":\"https:\\\/\\\/www.removelift.com.br\\\/blog\\\/#website\",\"url\":\"https:\\\/\\\/www.removelift.com.br\\\/blog\\\/\",\"name\":\"Blog\",\"description\":\"\",\"publisher\":{\"@id\":\"https:\\\/\\\/www.removelift.com.br\\\/blog\\\/#organization\"},\"potentialAction\":[{\"@type\":\"SearchAction\",\"target\":{\"@type\":\"EntryPoint\",\"urlTemplate\":\"https:\\\/\\\/www.removelift.com.br\\\/blog\\\/?s={search_term_string}\"},\"query-input\":{\"@type\":\"PropertyValueSpecification\",\"valueRequired\":true,\"valueName\":\"search_term_string\"}}],\"inLanguage\":\"pt-BR\"},{\"@type\":\"Organization\",\"@id\":\"https:\\\/\\\/www.removelift.com.br\\\/blog\\\/#organization\",\"name\":\"Blog\",\"url\":\"https:\\\/\\\/www.removelift.com.br\\\/blog\\\/\",\"logo\":{\"@type\":\"ImageObject\",\"inLanguage\":\"pt-BR\",\"@id\":\"https:\\\/\\\/www.removelift.com.br\\\/blog\\\/#\\\/schema\\\/logo\\\/image\\\/\",\"url\":\"https:\\\/\\\/www.removelift.com.br\\\/blog\\\/wp-content\\\/uploads\\\/2026\\\/05\\\/logo.png\",\"contentUrl\":\"https:\\\/\\\/www.removelift.com.br\\\/blog\\\/wp-content\\\/uploads\\\/2026\\\/05\\\/logo.png\",\"width\":1000,\"height\":400,\"caption\":\"Blog\"},\"image\":{\"@id\":\"https:\\\/\\\/www.removelift.com.br\\\/blog\\\/#\\\/schema\\\/logo\\\/image\\\/\"}},{\"@type\":\"Person\",\"@id\":\"https:\\\/\\\/www.removelift.com.br\\\/blog\\\/#\\\/schema\\\/person\\\/e3452b10c09d4f8165e0809c60e20df3\",\"name\":\"administrador\",\"image\":{\"@type\":\"ImageObject\",\"inLanguage\":\"pt-BR\",\"@id\":\"https:\\\/\\\/secure.gravatar.com\\\/avatar\\\/d2abb7e535a7590a6f9b76c75c90ec5441db3a04a205e6d66ecabfb80081f172?s=96&d=mm&r=g\",\"url\":\"https:\\\/\\\/secure.gravatar.com\\\/avatar\\\/d2abb7e535a7590a6f9b76c75c90ec5441db3a04a205e6d66ecabfb80081f172?s=96&d=mm&r=g\",\"contentUrl\":\"https:\\\/\\\/secure.gravatar.com\\\/avatar\\\/d2abb7e535a7590a6f9b76c75c90ec5441db3a04a205e6d66ecabfb80081f172?s=96&d=mm&r=g\",\"caption\":\"administrador\"},\"sameAs\":[\"https:\\\/\\\/www.removelift.com.br\\\/blog\"],\"url\":\"https:\\\/\\\/www.removelift.com.br\\\/blog\\\/author\\\/admin\\\/\"}]}<\/script>\n<!-- \/ Yoast SEO plugin. -->","yoast_head_json":{"title":"Onde alugar plataforma elevat\u00f3ria articulada? - Blog","description":"Alugue plataforma elevat\u00f3ria articulada para trabalhos em altura com suporte t\u00e9cnico. Saiba o que avaliar e fale com a Removelift.","robots":{"index":"index","follow":"follow","max-snippet":"max-snippet:-1","max-image-preview":"max-image-preview:large","max-video-preview":"max-video-preview:-1"},"canonical":"https:\/\/www.removelift.com.br\/blog\/plataforma-elevatoria-articulada\/","og_locale":"pt_BR","og_type":"article","og_title":"Onde alugar plataforma elevat\u00f3ria articulada? - Blog","og_description":"Alugue plataforma elevat\u00f3ria articulada para trabalhos em altura com suporte t\u00e9cnico. Saiba o que avaliar e fale com a Removelift.","og_url":"https:\/\/www.removelift.com.br\/blog\/plataforma-elevatoria-articulada\/","og_site_name":"Blog","article_published_time":"2026-08-18T17:39:15+00:00","article_modified_time":"2026-08-18T17:43:10+00:00","og_image":[{"width":1024,"height":576,"url":"https:\/\/www.removelift.com.br\/blog\/wp-content\/uploads\/2026\/08\/ChatGPT-Image-18-de-ago.-de-2026-14_35_14-1024x576.png","type":"image\/png"}],"author":"administrador","twitter_card":"summary_large_image","twitter_misc":{"Escrito por":"administrador","Est. tempo de leitura":"9 minutos"},"schema":{"@context":"https:\/\/schema.org","@graph":[{"@type":"Article","@id":"https:\/\/www.removelift.com.br\/blog\/plataforma-elevatoria-articulada\/#article","isPartOf":{"@id":"https:\/\/www.removelift.com.br\/blog\/plataforma-elevatoria-articulada\/"},"author":{"name":"administrador","@id":"https:\/\/www.removelift.com.br\/blog\/#\/schema\/person\/e3452b10c09d4f8165e0809c60e20df3"},"headline":"Onde alugar plataforma elevat\u00f3ria articulada?","datePublished":"2026-08-18T17:39:15+00:00","dateModified":"2026-08-18T17:43:10+00:00","mainEntityOfPage":{"@id":"https:\/\/www.removelift.com.br\/blog\/plataforma-elevatoria-articulada\/"},"wordCount":1668,"commentCount":0,"publisher":{"@id":"https:\/\/www.removelift.com.br\/blog\/#organization"},"image":{"@id":"https:\/\/www.removelift.com.br\/blog\/plataforma-elevatoria-articulada\/#primaryimage"},"thumbnailUrl":"https:\/\/www.removelift.com.br\/blog\/wp-content\/uploads\/2026\/08\/ChatGPT-Image-18-de-ago.-de-2026-14_35_14.png","keywords":["aluguel de plataforma articulada el\u00e9trica","aluguel de plataforma elevat\u00f3ria articulada","como escolher a altura da plataforma elevat\u00f3ria?","como escolher uma plataforma elevat\u00f3ria articulada?","como solicitar loca\u00e7\u00e3o de plataforma elevat\u00f3ria articulada?","empresa de lataforma elevat\u00f3ria eletrica articulada","empresa de plataforma elevat\u00f3ria articulada","equipamento para trabalho em altura","lataforma elevat\u00f3ria eletrica articulada comprar","lataforma elevat\u00f3ria eletrica articulada em Diadema","lataforma elevat\u00f3ria eletrica articulada em Guarulhos","lataforma elevat\u00f3ria eletrica articulada em Mau\u00e1","lataforma elevat\u00f3ria eletrica articulada em Osasco","lataforma elevat\u00f3ria eletrica articulada em Santo Andr\u00e9","lataforma elevat\u00f3ria eletrica articulada em S\u00e3o Bernardo","lataforma elevat\u00f3ria eletrica articulada em S\u00e3o Caetano","lataforma elevat\u00f3ria eletrica articulada em s\u00e3o paulo","lataforma elevat\u00f3ria eletrica articulada em sp","lataforma elevat\u00f3ria eletrica articulada na baixada santista","lataforma elevat\u00f3ria eletrica articulada na grande S\u00e3o Paulo","lataforma elevat\u00f3ria eletrica articulada na Regi\u00e3o Metropolitana","lataforma elevat\u00f3ria eletrica articulada na zona leste","lataforma elevat\u00f3ria eletrica articulada na zona norte","lataforma elevat\u00f3ria eletrica articulada na zona oeste","lataforma elevat\u00f3ria eletrica articulada na zona sul","lataforma elevat\u00f3ria eletrica articulada no ABC","lataforma elevat\u00f3ria eletrica articulada no ABCD","lataforma elevat\u00f3ria eletrica articulada no centro","lataforma elevat\u00f3ria eletrica articulada no grande ABC","lataforma elevat\u00f3ria eletrica articulada no litoral paulista","lataforma elevat\u00f3ria eletrica articulada onde encontrar","lataforma elevat\u00f3ria eletrica articulada perto de mim","lataforma elevat\u00f3ria eletrica articulada pre\u00e7o","lataforma elevat\u00f3ria eletrica articulada pr\u00f3ximo a mim","loca\u00e7\u00e3o de equipamento para trabalho em altura","loca\u00e7\u00e3o de plataforma articulada el\u00e9trica","loca\u00e7\u00e3o de plataforma elevat\u00f3ria articulada","loca\u00e7\u00e3o de plataforma elevat\u00f3ria Removelift","o que avaliar antes de alugar uma plataforma elevat\u00f3ria?","onde alugar plataforma articulada","onde alugar plataforma elevat\u00f3ria","onde alugar plataforma elevat\u00f3ria articulada?","onde usar plataforma elevat\u00f3ria articulada el\u00e9trica?","para que serve uma plataforma elevat\u00f3ria articulada?","plataforma articulada el\u00e9trica","plataforma articulada el\u00e9trica serve para log\u00edstica?","plataforma articulada para instala\u00e7\u00e3o industrial","plataforma articulada para manuten\u00e7\u00e3o","plataforma el\u00e9trica para trabalho em altura","plataforma elevat\u00f3ria articulada","plataforma elevat\u00f3ria articulada comprar","plataforma elevat\u00f3ria articulada em Diadema","plataforma elevat\u00f3ria articulada em Guarulhos","plataforma elevat\u00f3ria articulada em Mau\u00e1","plataforma elevat\u00f3ria articulada em Osasco","plataforma elevat\u00f3ria articulada em Santo Andr\u00e9","plataforma elevat\u00f3ria articulada em S\u00e3o Bernardo","plataforma elevat\u00f3ria articulada em S\u00e3o Caetano","plataforma elevat\u00f3ria articulada em s\u00e3o paulo","plataforma elevat\u00f3ria articulada em sp","plataforma elevat\u00f3ria articulada na baixada santista","plataforma elevat\u00f3ria articulada na grande S\u00e3o Paulo","plataforma elevat\u00f3ria articulada na Regi\u00e3o Metropolitana","plataforma elevat\u00f3ria articulada na zona leste","plataforma elevat\u00f3ria articulada na zona norte","plataforma elevat\u00f3ria articulada na zona oeste","plataforma elevat\u00f3ria articulada na zona sul","plataforma elevat\u00f3ria articulada no ABC","plataforma elevat\u00f3ria articulada no ABCD","plataforma elevat\u00f3ria articulada no centro","plataforma elevat\u00f3ria articulada no grande ABC","plataforma elevat\u00f3ria articulada no litoral paulista","plataforma elevat\u00f3ria articulada onde encontrar","plataforma elevat\u00f3ria articulada perto de mim","plataforma elevat\u00f3ria articulada pode ser usada em ambiente interno?","plataforma elevat\u00f3ria articulada pre\u00e7o","plataforma elevat\u00f3ria articulada pr\u00f3ximo a mim","plataforma elevat\u00f3ria el\u00e9trica para ambiente interno","plataforma elevat\u00f3ria para ind\u00fastria","plataforma elevat\u00f3ria para log\u00edstica","plataforma elevat\u00f3ria para manuten\u00e7\u00e3o industrial","plataforma elevat\u00f3ria para manuten\u00e7\u00e3o predial","plataforma elevat\u00f3ria para trabalho em altura","qual a diferen\u00e7a entre altura e alcance de uma plataforma articulada?","qual equipamento usar para trabalho em altura?","qual plataforma elevat\u00f3ria usar para manuten\u00e7\u00e3o industrial?","quando alugar uma plataforma elevat\u00f3ria articulada?","quanto custa alugar uma plataforma elevat\u00f3ria articulada?","servi\u00e7o de lataforma elevat\u00f3ria eletrica articulada","servi\u00e7o de plataforma elevat\u00f3ria articulada","vale a pena alugar plataforma elevat\u00f3ria?"],"articleSection":["empilhadeiras el\u00e9tricas"],"inLanguage":"pt-BR","potentialAction":[{"@type":"CommentAction","name":"Comment","target":["https:\/\/www.removelift.com.br\/blog\/plataforma-elevatoria-articulada\/#respond"]}]},{"@type":"WebPage","@id":"https:\/\/www.removelift.com.br\/blog\/plataforma-elevatoria-articulada\/","url":"https:\/\/www.removelift.com.br\/blog\/plataforma-elevatoria-articulada\/","name":"Onde alugar plataforma elevat\u00f3ria articulada? - Blog","isPartOf":{"@id":"https:\/\/www.removelift.com.br\/blog\/#website"},"primaryImageOfPage":{"@id":"https:\/\/www.removelift.com.br\/blog\/plataforma-elevatoria-articulada\/#primaryimage"},"image":{"@id":"https:\/\/www.removelift.com.br\/blog\/plataforma-elevatoria-articulada\/#primaryimage"},"thumbnailUrl":"https:\/\/www.removelift.com.br\/blog\/wp-content\/uploads\/2026\/08\/ChatGPT-Image-18-de-ago.-de-2026-14_35_14.png","datePublished":"2026-08-18T17:39:15+00:00","dateModified":"2026-08-18T17:43:10+00:00","description":"Alugue plataforma elevat\u00f3ria articulada para trabalhos em altura com suporte t\u00e9cnico. Saiba o que avaliar e fale com a Removelift.","breadcrumb":{"@id":"https:\/\/www.removelift.com.br\/blog\/plataforma-elevatoria-articulada\/#breadcrumb"},"inLanguage":"pt-BR","potentialAction":[{"@type":"ReadAction","target":["https:\/\/www.removelift.com.br\/blog\/plataforma-elevatoria-articulada\/"]}]},{"@type":"ImageObject","inLanguage":"pt-BR","@id":"https:\/\/www.removelift.com.br\/blog\/plataforma-elevatoria-articulada\/#primaryimage","url":"https:\/\/www.removelift.com.br\/blog\/wp-content\/uploads\/2026\/08\/ChatGPT-Image-18-de-ago.-de-2026-14_35_14.png","contentUrl":"https:\/\/www.removelift.com.br\/blog\/wp-content\/uploads\/2026\/08\/ChatGPT-Image-18-de-ago.-de-2026-14_35_14.png","width":1672,"height":941,"caption":"Onde alugar plataforma elevat\u00f3ria articulada?"},{"@type":"BreadcrumbList","@id":"https:\/\/www.removelift.com.br\/blog\/plataforma-elevatoria-articulada\/#breadcrumb","itemListElement":[{"@type":"ListItem","position":1,"name":"In\u00edcio","item":"https:\/\/www.removelift.com.br\/blog\/"},{"@type":"ListItem","position":2,"name":"Onde alugar plataforma elevat\u00f3ria articulada?"}]},{"@type":"WebSite","@id":"https:\/\/www.removelift.com.br\/blog\/#website","url":"https:\/\/www.removelift.com.br\/blog\/","name":"Blog","description":"","publisher":{"@id":"https:\/\/www.removelift.com.br\/blog\/#organization"},"potentialAction":[{"@type":"SearchAction","target":{"@type":"EntryPoint","urlTemplate":"https:\/\/www.removelift.com.br\/blog\/?s={search_term_string}"},"query-input":{"@type":"PropertyValueSpecification","valueRequired":true,"valueName":"search_term_string"}}],"inLanguage":"pt-BR"},{"@type":"Organization","@id":"https:\/\/www.removelift.com.br\/blog\/#organization","name":"Blog","url":"https:\/\/www.removelift.com.br\/blog\/","logo":{"@type":"ImageObject","inLanguage":"pt-BR","@id":"https:\/\/www.removelift.com.br\/blog\/#\/schema\/logo\/image\/","url":"https:\/\/www.removelift.com.br\/blog\/wp-content\/uploads\/2026\/05\/logo.png","contentUrl":"https:\/\/www.removelift.com.br\/blog\/wp-content\/uploads\/2026\/05\/logo.png","width":1000,"height":400,"caption":"Blog"},"image":{"@id":"https:\/\/www.removelift.com.br\/blog\/#\/schema\/logo\/image\/"}},{"@type":"Person","@id":"https:\/\/www.removelift.com.br\/blog\/#\/schema\/person\/e3452b10c09d4f8165e0809c60e20df3","name":"administrador","image":{"@type":"ImageObject","inLanguage":"pt-BR","@id":"https:\/\/secure.gravatar.com\/avatar\/d2abb7e535a7590a6f9b76c75c90ec5441db3a04a205e6d66ecabfb80081f172?s=96&d=mm&r=g","url":"https:\/\/secure.gravatar.com\/avatar\/d2abb7e535a7590a6f9b76c75c90ec5441db3a04a205e6d66ecabfb80081f172?s=96&d=mm&r=g","contentUrl":"https:\/\/secure.gravatar.com\/avatar\/d2abb7e535a7590a6f9b76c75c90ec5441db3a04a205e6d66ecabfb80081f172?s=96&d=mm&r=g","caption":"administrador"},"sameAs":["https:\/\/www.removelift.com.br\/blog"],"url":"https:\/\/www.removelift.com.br\/blog\/author\/admin\/"}]}},"_links":{"self":[{"href":"https:\/\/www.removelift.com.br\/blog\/wp-json\/wp\/v2\/posts\/3758","targetHints":{"allow":["GET"]}}],"collection":[{"href":"https:\/\/www.removelift.com.br\/blog\/wp-json\/wp\/v2\/posts"}],"about":[{"href":"https:\/\/www.removelift.com.br\/blog\/wp-json\/wp\/v2\/types\/post"}],"author":[{"embeddable":true,"href":"https:\/\/www.removelift.com.br\/blog\/wp-json\/wp\/v2\/users\/1"}],"replies":[{"embeddable":true,"href":"https:\/\/www.removelift.com.br\/blog\/wp-json\/wp\/v2\/comments?post=3758"}],"version-history":[{"count":1,"href":"https:\/\/www.removelift.com.br\/blog\/wp-json\/wp\/v2\/posts\/3758\/revisions"}],"predecessor-version":[{"id":3760,"href":"https:\/\/www.removelift.com.br\/blog\/wp-json\/wp\/v2\/posts\/3758\/revisions\/3760"}],"wp:featuredmedia":[{"embeddable":true,"href":"https:\/\/www.removelift.com.br\/blog\/wp-json\/wp\/v2\/media\/3759"}],"wp:attachment":[{"href":"https:\/\/www.removelift.com.br\/blog\/wp-json\/wp\/v2\/media?parent=3758"}],"wp:term":[{"taxonomy":"category","embeddable":true,"href":"https:\/\/www.removelift.com.br\/blog\/wp-json\/wp\/v2\/categories?post=3758"},{"taxonomy":"post_tag","embeddable":true,"href":"https:\/\/www.removelift.com.br\/blog\/wp-json\/wp\/v2\/tags?post=3758"}],"curies":[{"name":"wp","href":"https:\/\/api.w.org\/{rel}","templated":true}]}}